{"id":1196,"date":"2024-08-13T12:59:35","date_gmt":"2024-08-13T09:59:35","guid":{"rendered":"https:\/\/www.kempeleenreservilaiset.fi\/2\/?p=1196"},"modified":"2024-08-13T12:59:35","modified_gmt":"2024-08-13T09:59:35","slug":"toimitsijoita-tarvitaan-kehitysvammaisten-kesakisoihin-24-8","status":"publish","type":"post","link":"https:\/\/www.kempeleenreservilaiset.fi\/2\/2024\/08\/13\/toimitsijoita-tarvitaan-kehitysvammaisten-kesakisoihin-24-8\/","title":{"rendered":"Toimitsijoita tarvitaan kehitysvammaisten kes\u00e4kisoihin 24.8."},"content":{"rendered":"\n<p>Kempeleen reservil\u00e4iset ovat mukana j\u00e4rjest\u00e4m\u00e4ss\u00e4 kehitysvammaisten kes\u00e4kisoja Kempeleess\u00e4 24.8.2024 klo 10-15 v\u00e4lisen\u00e4 aikana. <\/p>\n\n\n\n<p>Kyseess\u00e4 ovat piiritason kisat, joita odotetaan koko vuosi ja kaikille kisat ovat vuoden kohokohta. Siell\u00e4 koetaan liikunnan riemua, yhdess\u00e4oloa ja saavutetaan uusia kokemuksia. <\/p>\n\n\n\n<p>Kes\u00e4kisat j\u00e4rjestet\u00e4\u00e4n aina talkooperiaatteilla hyv\u00e4ntekev\u00e4isyysty\u00f6n\u00e4 ja tarvitsemme lis\u00e4\u00e4 vapaaehtoisia tekem\u00e4\u00e4n tapahtumaa. Tule sin\u00e4kin mukaan tekem\u00e4\u00e4n arvokasta yhteiskunnallista ty\u00f6t\u00e4!<\/p>\n\n\n\n<p>Teht\u00e4v\u00e4mme on olla avustavina toimitsijoina tapahtumassa mm. ottaa yl\u00f6s kilpailijoiden tuloksia. <strong>Ruokailu tapahtumassa on talkoolaisille ilmainen.<\/strong><\/p>\n\n\n\n<p>Ilmoittautumiset Kari Pentille viimeist\u00e4\u00e4n 22.8. menness\u00e4, puh. 040 411 5266<\/p>\n","protected":false},"excerpt":{"rendered":"<p>Kempeleen reservil\u00e4iset ovat mukana j\u00e4rjest\u00e4m\u00e4ss\u00e4 kehitysvammaisten kes\u00e4kisoja Kempeleess\u00e4 24.8.2024 klo 10-15 v\u00e4lisen\u00e4 aikana. Kyseess\u00e4 ovat piiritason kisat, joita odotetaan koko vuosi ja kaikille kisat ovat vuoden kohokohta. Siell\u00e4 koetaan liikunnan riemua, yhdess\u00e4oloa ja saavutetaan uusia kokemuksia. Kes\u00e4kisat j\u00e4rjestet\u00e4\u00e4n aina talkooperiaatteilla &hellip; <a href=\"https:\/\/www.kempeleenreservilaiset.fi\/2\/2024\/08\/13\/toimitsijoita-tarvitaan-kehitysvammaisten-kesakisoihin-24-8\/\">Lue loppuun <span class=\"meta-nav\">&rarr;<\/span><\/a><\/p>\n","protected":false},"author":6,"featured_media":0,"comment_status":"closed","ping_status":"closed","sticky":false,"template":"","format":"standard","meta":{"footnotes":""},"categories":[1],"tags":[],"class_list":["post-1196","post","type-post","status-publish","format-standard","hentry","category-yleinen"],"_links":{"self":[{"href":"https:\/\/www.kempeleenreservilaiset.fi\/2\/wp-json\/wp\/v2\/posts\/1196","targetHints":{"allow":["GET"]}}],"collection":[{"href":"https:\/\/www.kempeleenreservilaiset.fi\/2\/wp-json\/wp\/v2\/posts"}],"about":[{"href":"https:\/\/www.kempeleenreservilaiset.fi\/2\/wp-json\/wp\/v2\/types\/post"}],"author":[{"embeddable":true,"href":"https:\/\/www.kempeleenreservilaiset.fi\/2\/wp-json\/wp\/v2\/users\/6"}],"replies":[{"embeddable":true,"href":"https:\/\/www.kempeleenreservilaiset.fi\/2\/wp-json\/wp\/v2\/comments?post=1196"}],"version-history":[{"count":2,"href":"https:\/\/www.kempeleenreservilaiset.fi\/2\/wp-json\/wp\/v2\/posts\/1196\/revisions"}],"predecessor-version":[{"id":1199,"href":"https:\/\/www.kempeleenreservilaiset.fi\/2\/wp-json\/wp\/v2\/posts\/1196\/revisions\/1199"}],"wp:attachment":[{"href":"https:\/\/www.kempeleenreservilaiset.fi\/2\/wp-json\/wp\/v2\/media?parent=1196"}],"wp:term":[{"taxonomy":"category","embeddable":true,"href":"https:\/\/www.kempeleenreservilaiset.fi\/2\/wp-json\/wp\/v2\/categories?post=1196"},{"taxonomy":"post_tag","embeddable":true,"href":"https:\/\/www.kempeleenreservilaiset.fi\/2\/wp-json\/wp\/v2\/tags?post=1196"}],"curies":[{"name":"wp","href":"https:\/\/api.w.org\/{rel}","templated":true}]}}